{"id":2073,"date":"2017-08-18T11:48:54","date_gmt":"2017-08-18T11:48:54","guid":{"rendered":"http:\/monopol.previewww.pl\/?p=2073"},"modified":"2022-04-05T15:41:00","modified_gmt":"2022-04-05T13:41:00","slug":"pieces-of-black-man","status":"publish","type":"post","link":"https:\/\/galeriamonopol.pl\/pl\/pieces-of-black-man\/","title":{"rendered":"Konrad Maciejewicz. Pieces of Black Man"},"content":{"rendered":"<p><em>Pieces of Black Man<\/em> to wystawa, w kt\u00f3rej artysta po raz pierwszy wychodzi poza klasycznie rozumian\u0105 technik\u0119 kola\u017cu. Kawa\u0142ki poci\u0119tych fotografii, tworz\u0105ce materi\u0119 wcze\u015bniejszych prac Konrada Maciejewicza, zosta\u0142y tutaj zast\u0105pione przez r\u00f3\u017cne materia\u0142y i przedmioty codziennego u\u017cytku, kt\u00f3re wraz z sam\u0105 przestrzeni\u0105 galerii i jej charakterem, tworz\u0105 jedn\u0105 instalacj\u0119. Nie jest to jednak w pe\u0142ni realizacja site-specific, cho\u0107 Monopol jako galeria prywatna oraz jej wn\u0119trze, w kt\u00f3rym poprzednio mie\u015bci\u0142y si\u0119 kolejne sklepy, stanowi istotny kontekst dla idei wystawy.<\/p>\n<p>Dialog z komercyjn\u0105 estetyk\u0105 i jej wizualnymi kliszami wynika z bezpo\u015brednich do\u015bwiadcze\u0144 artysty. To efekt rozm\u00f3w i opinii na temat jego wcze\u015bniejszej tw\u00f3rczo\u015bci oraz pyta\u0144 o kwesti\u0119 wynagrodzenia za ci\u0119\u017ck\u0105, precyzyjn\u0105 i mozoln\u0105 prac\u0119, jak\u0105 by\u0142o wykonanie kola\u017cu z kilku tysi\u0119cy drobnych skrawk\u00f3w papieru. Szczeg\u00f3lnie znaczenie ma te\u017c tutaj wizualna ambiwalentno\u015b\u0107 jego prac \u2013 moment, w kt\u00f3rym przyci\u0105ga\u0142y one uwag\u0119 poprzez bogat\u0105, dekoracyjn\u0105 form\u0119, a jednocze\u015bnie \u2013 po zapoznaniu si\u0119 z ich tre\u015bci\u0105 \u2013 stawa\u0142y si\u0119 dla widza zbyt mroczne i drastyczne. Tym razem artysta koncentruje si\u0119 na tym, \u017ceby \u00f3w efekt przyci\u0105gania \u2013 odpychania wzmocni\u0107 poprzez wykorzystanie do swych mrocznych narracji j\u0119zyka i narz\u0119dzi reklamy, na przyk\u0142ad fotografii stockowych. W podobny spos\u00f3b traktuje te\u017c przestrze\u0144 wystawy, buduj\u0105c, podobnie jak merchandiser wn\u0119trze sklepu, w kt\u00f3rym ogromne postaci modelek na light-boxach dominuj\u0105 nad reszt\u0105 element\u00f3w wystroju.<\/p>\n<p>Rysunki i obiekty pokazywane na wystawie <em>Pieces of Black Man<\/em> stanowi\u0105 niejako rewers owej rzeczywisto\u015bci, sugeruj\u0105c osobist\u0105 narracj\u0119 wpisan\u0105 w anonimow\u0105, quasi-biurow\u0105 przestrze\u0144 galerii.<\/p>\n<p>Konrad Maciejewicz urodzi\u0142 si\u0119 w 1980 roku w Lubartowie. Uko\u0144czy\u0142 studia na wydziale Artystycznym UMCS w Lublinie w 2004 roku. Mieszka i pracuje w Warszawie.<\/p>","protected":false},"excerpt":{"rendered":"","protected":false},"author":1,"featured_media":0,"comment_status":"open","ping_status":"open","sticky":false,"template":"","format":"standard","meta":{"footnotes":""},"categories":[5],"class_list":["post-2073","post","type-post","status-publish","format-standard","hentry","category-wystawy"],"acf":[],"_links":{"self":[{"href":"https:\/\/galeriamonopol.pl\/pl\/wp-json\/wp\/v2\/posts\/2073","targetHints":{"allow":["GET"]}}],"collection":[{"href":"https:\/\/galeriamonopol.pl\/pl\/wp-json\/wp\/v2\/posts"}],"about":[{"href":"https:\/\/galeriamonopol.pl\/pl\/wp-json\/wp\/v2\/types\/post"}],"author":[{"embeddable":true,"href":"https:\/\/galeriamonopol.pl\/pl\/wp-json\/wp\/v2\/users\/1"}],"replies":[{"embeddable":true,"href":"https:\/\/galeriamonopol.pl\/pl\/wp-json\/wp\/v2\/comments?post=2073"}],"version-history":[{"count":12,"href":"https:\/\/galeriamonopol.pl\/pl\/wp-json\/wp\/v2\/posts\/2073\/revisions"}],"predecessor-version":[{"id":5511,"href":"https:\/\/galeriamonopol.pl\/pl\/wp-json\/wp\/v2\/posts\/2073\/revisions\/5511"}],"wp:attachment":[{"href":"https:\/\/galeriamonopol.pl\/pl\/wp-json\/wp\/v2\/media?parent=2073"}],"wp:term":[{"taxonomy":"category","embeddable":true,"href":"https:\/\/galeriamonopol.pl\/pl\/wp-json\/wp\/v2\/categories?post=2073"}],"curies":[{"name":"wp","href":"https:\/\/api.w.org\/{rel}","templated":true}]}}