{"id":6789,"date":"2024-02-06T16:14:26","date_gmt":"2024-02-06T15:14:26","guid":{"rendered":"https:\/\/galeriamonopol.pl\/?p=6789"},"modified":"2024-03-12T18:00:56","modified_gmt":"2024-03-12T17:00:56","slug":"krzysztof-gil-czarna-noc-w-bialy-dzien","status":"publish","type":"post","link":"https:\/\/galeriamonopol.pl\/pl\/krzysztof-gil-czarna-noc-w-bialy-dzien\/","title":{"rendered":"Krzysztof Gil. Czarna noc w bia\u0142y dzie\u0144"},"content":{"rendered":"<p><\/p>\n<p class=\"p1\">Wystawa Krzysztofa Gila pod tytu\u0142em <i>Czarna noc w bia\u0142y dzie\u0144<\/i> jest pierwsz\u0105 indywidualn\u0105 prezentacj\u0105 prac artysty w Galerii Monopol. Sk\u0142adaj\u0105 si\u0119 na ni\u0105 obrazy, rze\u017aby i instalacje. Mnogo\u015b\u0107 technik, motyw\u00f3w i historii obecnych w tw\u00f3rczo\u015bci Gila sprawia, \u017ce jego wystawom bli\u017cej jest do esej\u00f3w wizualnych, ni\u017c indywidualnych pokaz\u00f3w ostatnio powsta\u0142ych dzie\u0142.<\/p>\n<p class=\"p1\">W najnowszych pracach artysta skupia si\u0119 na poj\u0119ciu rasy, k\u0142ad\u0105c nacisk na okres w historii, gdy owa kategoria nie zosta\u0142a jeszcze stworzona. Odnosi si\u0119 do kultur Globalnego Po\u0142udnia, mitologii, historii sztuki czy kapitalizmu, aby splata\u0107 obszerne w\u0105tki w jednostkowe historie lub intertekstualne narracje. Bohaterami prezentowanych obraz\u00f3w s\u0105 zazwyczaj hybrydy. Krzysztof Gil \u0142\u0105czy ludzkie korpusy z g\u0142owami ps\u00f3w, \u0142ab\u0119dzi lub odwrotnie \u2013 cia\u0142a kot\u00f3w zostaj\u0105 zako\u0144czone twarz\u0105 cz\u0142owieka. Ich pierwotne funkcje w dawnych wierzeniach mia\u0142y ambiwalentny charakter \u2013 z jednej strony by\u0142y odzwierciedleniem nadludzkiej si\u0142y budz\u0105cej zachwyt, z drugiej wywo\u0142ywa\u0142y trwog\u0119 i niepok\u00f3j. Hybrydy, opr\u00f3cz tego, \u017ce odnosz\u0105 si\u0119 do postaci mitologicznych, maj\u0105 r\u00f3wnie\u017c ukryte znaczenie, dla artysty s\u0105 metafor\u0105 \u201eInnego&#8221;. Szukaj\u0105c informacji o etymologii tego s\u0142owa znajdziemy informacj\u0119, \u017ce <i>hybride <\/i>w j\u0119zyku francuskim i niemieckim pierwotnie oznacza\u0142a potomka rodzic\u00f3w o r\u00f3\u017cnym pochodzeniu. Kola\u017cowo\u015b\u0107 cia\u0142, motyw\u00f3w zaczerpni\u0119tych z historii i rozmaitych kultur jest odzwierciedleniem g\u0142\u00f3wnych zainteresowa\u0144 artysty. To transhistoryczna opowie\u015b\u0107 o przesz\u0142o\u015bci, sposobach reprezentacji mniejszo\u015bci i uprzedzeniach, kt\u00f3ra stanowi tak\u017ce pr\u00f3b\u0119 wyt\u0142umaczenia tera\u017aniejszo\u015bci w ca\u0142ym jej chaosie, zagmatwaniu i z\u0142o\u017cono\u015bci.<\/p>\n<p class=\"p1\">W ramach wystawy prezentowany jest r\u00f3wnie\u017c film pod tytu\u0142em\u00a0<em>Social Murder<\/em>, stworzony przez czesko-s\u0142owacko-austriack\u0105 grup\u0119 artystyczn\u0105 Averklub Collective. Zosta\u0142a w nim udokumentowana osada Zabijanec we wsi Rud\u0148any, po\u0142o\u017conej w s\u0142owackich G\u00f3rach Weporskich. Obraz reali\u00f3w funkcjonowania w skrajnej biedzie zosta\u0142 zestawiony z czytanym przez lektora fragmentem\u00a0<em>Po\u0142o\u017cenia klasy robotniczej w Anglii\u00a0<\/em>Fryderyka Engelsa napisanym w 1844 roku. Poprzez gest w\u0142\u0105czenia osobnego dzie\u0142a w wystaw\u0119 artysta kontynuuje sw\u00f3j wyw\u00f3d, wzbogacaj\u0105c go o kolejne perspektywy przekraczaj\u0105ce linearny bieg czasu. Za pomoc\u0105 dzie\u0142a innych autor\u00f3w rozwija w\u0105tki obecne we w\u0142asnej tw\u00f3rczo\u015bci, stawia pytanie o mo\u017cliwo\u015b\u0107 zniesienia podzia\u0142\u00f3w i godnego \u017cycia dla ka\u017cdego cz\u0142owieka bez wzgl\u0119du na jego pochodzenie.<\/p>\n<p>&nbsp;<\/p>\n<p class=\"p1\" style=\"text-align: right;\">Franciszek Smor\u0119da<\/p>\n<p><\/p>","protected":false},"excerpt":{"rendered":"","protected":false},"author":5,"featured_media":0,"comment_status":"closed","ping_status":"closed","sticky":false,"template":"","format":"standard","meta":{"footnotes":""},"categories":[1],"class_list":["post-6789","post","type-post","status-publish","format-standard","hentry","category-bez-kategorii"],"acf":[],"_links":{"self":[{"href":"https:\/\/galeriamonopol.pl\/pl\/wp-json\/wp\/v2\/posts\/6789","targetHints":{"allow":["GET"]}}],"collection":[{"href":"https:\/\/galeriamonopol.pl\/pl\/wp-json\/wp\/v2\/posts"}],"about":[{"href":"https:\/\/galeriamonopol.pl\/pl\/wp-json\/wp\/v2\/types\/post"}],"author":[{"embeddable":true,"href":"https:\/\/galeriamonopol.pl\/pl\/wp-json\/wp\/v2\/users\/5"}],"replies":[{"embeddable":true,"href":"https:\/\/galeriamonopol.pl\/pl\/wp-json\/wp\/v2\/comments?post=6789"}],"version-history":[{"count":27,"href":"https:\/\/galeriamonopol.pl\/pl\/wp-json\/wp\/v2\/posts\/6789\/revisions"}],"predecessor-version":[{"id":6867,"href":"https:\/\/galeriamonopol.pl\/pl\/wp-json\/wp\/v2\/posts\/6789\/revisions\/6867"}],"wp:attachment":[{"href":"https:\/\/galeriamonopol.pl\/pl\/wp-json\/wp\/v2\/media?parent=6789"}],"wp:term":[{"taxonomy":"category","embeddable":true,"href":"https:\/\/galeriamonopol.pl\/pl\/wp-json\/wp\/v2\/categories?post=6789"}],"curies":[{"name":"wp","href":"https:\/\/api.w.org\/{rel}","templated":true}]}}